{"id":1720,"date":"2024-01-10T16:12:44","date_gmt":"2024-01-10T16:12:44","guid":{"rendered":"https:\/\/fempi.com.br\/?p=1720"},"modified":"2024-01-11T15:07:01","modified_gmt":"2024-01-11T15:07:01","slug":"parceria-ifsp-campus-itaquaquecetuba-e-fempi-acao-para-ajudar-as-vitimas-da-calamidade-ocasionada-pelas-chuvas-no-litoral-norte","status":"publish","type":"post","link":"https:\/\/fempi.com.br\/index.php\/2024\/01\/10\/parceria-ifsp-campus-itaquaquecetuba-e-fempi-acao-para-ajudar-as-vitimas-da-calamidade-ocasionada-pelas-chuvas-no-litoral-norte\/","title":{"rendered":"Parceria IFSP C\u00e2mpus Itaquaquecetuba e FEMPI &#8211; A\u00e7\u00e3o para ajudar as v\u00edtimas da calamidade ocasionada pelas chuvas no litoral norte"},"content":{"rendered":"\n<figure class=\"wp-block-image size-full\"><img fetchpriority=\"high\" decoding=\"async\" width=\"1024\" height=\"768\" src=\"https:\/\/fempi.com.br\/wp-content\/uploads\/2024\/01\/Ifsp-Fempi.jpg\" alt=\"\" class=\"wp-image-1721\" srcset=\"https:\/\/fempi.com.br\/wp-content\/uploads\/2024\/01\/Ifsp-Fempi.jpg 1024w, https:\/\/fempi.com.br\/wp-content\/uploads\/2024\/01\/Ifsp-Fempi-300x225.jpg 300w, https:\/\/fempi.com.br\/wp-content\/uploads\/2024\/01\/Ifsp-Fempi-768x576.jpg 768w, https:\/\/fempi.com.br\/wp-content\/uploads\/2024\/01\/Ifsp-Fempi-1000x750.jpg 1000w, https:\/\/fempi.com.br\/wp-content\/uploads\/2024\/01\/Ifsp-Fempi-230x173.jpg 230w, https:\/\/fempi.com.br\/wp-content\/uploads\/2024\/01\/Ifsp-Fempi-350x263.jpg 350w, https:\/\/fempi.com.br\/wp-content\/uploads\/2024\/01\/Ifsp-Fempi-480x360.jpg 480w\" sizes=\"(max-width: 1024px) 100vw, 1024px\" \/><\/figure>\n\n\n\n<p>&#8220;Em parceria com o Instituto Federal de S\u00e3o Paulo \u2013 Campus Itaquaquecetuba, a FEMPI \u2013 Frente Empresarial Pr\u00f3 Industria de Itaquaquecetuba e seus associados, fez, na \u00faltima sexta-feira, a doa\u00e7\u00e3o de 9.000 (nove mil) garrafas de 0,5 litros de \u00e1gua para ajudar as v\u00edtimas da calamidade ocasionada pelas chuvas no litoral norte.<\/p>\n\n\n\n<p>Neste momento complicado, a uni\u00e3o das institui\u00e7\u00f5es, que j\u00e1 s\u00e3o parceiras, se faz necess\u00e1ria para o aux\u00edlio dos sobreviventes que perderam grande parte de seus bens e&#8230;<\/p>\n\n\n\n<div class=\"wp-block-essential-blocks-button\"><div class=\"eb-parent-wrapper eb-parent-eb-button-sjb2e \"><div class=\"eb-button-wrapper eb-button-alignment eb-button-sjb2e\"><div class=\"eb-button\"><a class=\"eb-button-anchor\" href=\"https:\/\/portalpadrao.ifsp.edu.br\/itq\/index.php\/ultimas-noticias\/1892-parceria-ifsp-campus-itaquaquecetuba-e-fempi-acao-para-ajudar-as-vitimas-da-calamidade-ocasionada-pelas-chuvas-no-litoral-norte\" target=\"_blank\" rel=\"noopener\"><i class=\"fas fa-chevron-right eb-button-icon eb-button-icon-left hvr-icon\"><\/i>Leia mais<\/a><\/div><\/div><\/div><\/div>\n","protected":false},"excerpt":{"rendered":"<p>&#8220;Em parceria com o Instituto Federal de S\u00e3o Paulo \u2013 Campus Itaquaquecetuba, a FEMPI \u2013 Frente Empresarial Pr\u00f3 Industria de Itaquaquecetuba e [&hellip;]<\/p>\n","protected":false},"author":1,"featured_media":1722,"comment_status":"closed","ping_status":"closed","sticky":false,"template":"","format":"standard","meta":{"_eb_attr":"","footnotes":""},"categories":[17],"tags":[20,16,18,19,15,21],"class_list":["post-1720","post","type-post","status-publish","format-standard","has-post-thumbnail","hentry","category-noticias","tag-chuvaslitoralnorte","tag-fempi","tag-ifsp","tag-itaqua","tag-itaquaquecetuba","tag-litoralnorte"],"yoast_head":"<!-- This site is optimized with the Yoast SEO plugin v27.5 - https:\/\/yoast.com\/product\/yoast-seo-wordpress\/ -->\n<title>Parceria IFSP C\u00e2mpus Itaquaquecetuba e FEMPI - A\u00e7\u00e3o para ajudar as v\u00edtimas da calamidade ocasionada pelas chuvas no litoral norte - Fempi<\/title>\n<meta name=\"robots\" content=\"index, follow, max-snippet:-1, max-image-preview:large, max-video-preview:-1\" \/>\n<link rel=\"canonical\" href=\"https:\/\/fempi.com.br\/index.php\/2024\/01\/10\/parceria-ifsp-campus-itaquaquecetuba-e-fempi-acao-para-ajudar-as-vitimas-da-calamidade-ocasionada-pelas-chuvas-no-litoral-norte\/\" \/>\n<meta property=\"og:locale\" content=\"pt_BR\" \/>\n<meta property=\"og:type\" content=\"article\" \/>\n<meta property=\"og:title\" content=\"Parceria IFSP C\u00e2mpus Itaquaquecetuba e FEMPI - A\u00e7\u00e3o para ajudar as v\u00edtimas da calamidade ocasionada pelas chuvas no litoral norte - Fempi\" \/>\n<meta property=\"og:description\" content=\"&#8220;Em parceria com o Instituto Federal de S\u00e3o Paulo \u2013 Campus Itaquaquecetuba, a FEMPI \u2013 Frente Empresarial Pr\u00f3 Industria de Itaquaquecetuba e [&hellip;]\" \/>\n<meta property=\"og:url\" content=\"https:\/\/fempi.com.br\/index.php\/2024\/01\/10\/parceria-ifsp-campus-itaquaquecetuba-e-fempi-acao-para-ajudar-as-vitimas-da-calamidade-ocasionada-pelas-chuvas-no-litoral-norte\/\" \/>\n<meta property=\"og:site_name\" content=\"Fempi\" \/>\n<meta property=\"article:publisher\" content=\"https:\/\/www.facebook.com\/FempiOficial\" \/>\n<meta property=\"article:published_time\" content=\"2024-01-10T16:12:44+00:00\" \/>\n<meta property=\"article:modified_time\" content=\"2024-01-11T15:07:01+00:00\" \/>\n<meta property=\"og:image\" content=\"https:\/\/fempi.com.br\/wp-content\/uploads\/2024\/01\/Ifsp_Fempi.jpg\" \/>\n\t<meta property=\"og:image:width\" content=\"1024\" \/>\n\t<meta property=\"og:image:height\" content=\"768\" \/>\n\t<meta property=\"og:image:type\" content=\"image\/jpeg\" \/>\n<meta name=\"author\" content=\"admin\" \/>\n<meta name=\"twitter:card\" content=\"summary_large_image\" \/>\n<meta name=\"twitter:label1\" content=\"Escrito por\" \/>\n\t<meta name=\"twitter:data1\" content=\"admin\" \/>\n\t<meta name=\"twitter:label2\" content=\"Est. tempo de leitura\" \/>\n\t<meta name=\"twitter:data2\" content=\"1 minuto\" \/>\n<script type=\"application\/ld+json\" class=\"yoast-schema-graph\">{\"@context\":\"https:\\\/\\\/schema.org\",\"@graph\":[{\"@type\":\"Article\",\"@id\":\"https:\\\/\\\/fempi.com.br\\\/index.php\\\/2024\\\/01\\\/10\\\/parceria-ifsp-campus-itaquaquecetuba-e-fempi-acao-para-ajudar-as-vitimas-da-calamidade-ocasionada-pelas-chuvas-no-litoral-norte\\\/#article\",\"isPartOf\":{\"@id\":\"https:\\\/\\\/fempi.com.br\\\/index.php\\\/2024\\\/01\\\/10\\\/parceria-ifsp-campus-itaquaquecetuba-e-fempi-acao-para-ajudar-as-vitimas-da-calamidade-ocasionada-pelas-chuvas-no-litoral-norte\\\/\"},\"author\":{\"name\":\"admin\",\"@id\":\"https:\\\/\\\/fempi.com.br\\\/#\\\/schema\\\/person\\\/4f40f630431d82adf27976f33f7fa4f9\"},\"headline\":\"Parceria IFSP C\u00e2mpus Itaquaquecetuba e FEMPI &#8211; A\u00e7\u00e3o para ajudar as v\u00edtimas da calamidade ocasionada pelas chuvas no litoral norte\",\"datePublished\":\"2024-01-10T16:12:44+00:00\",\"dateModified\":\"2024-01-11T15:07:01+00:00\",\"mainEntityOfPage\":{\"@id\":\"https:\\\/\\\/fempi.com.br\\\/index.php\\\/2024\\\/01\\\/10\\\/parceria-ifsp-campus-itaquaquecetuba-e-fempi-acao-para-ajudar-as-vitimas-da-calamidade-ocasionada-pelas-chuvas-no-litoral-norte\\\/\"},\"wordCount\":108,\"publisher\":{\"@id\":\"https:\\\/\\\/fempi.com.br\\\/#organization\"},\"image\":{\"@id\":\"https:\\\/\\\/fempi.com.br\\\/index.php\\\/2024\\\/01\\\/10\\\/parceria-ifsp-campus-itaquaquecetuba-e-fempi-acao-para-ajudar-as-vitimas-da-calamidade-ocasionada-pelas-chuvas-no-litoral-norte\\\/#primaryimage\"},\"thumbnailUrl\":\"https:\\\/\\\/fempi.com.br\\\/wp-content\\\/uploads\\\/2024\\\/01\\\/Ifsp_Fempi.jpg\",\"keywords\":[\"#chuvaslitoralnorte\",\"#fempi\",\"#ifsp\",\"#itaqua\",\"#itaquaquecetuba\",\"#litoralnorte\"],\"articleSection\":[\"Not\u00edcias\"],\"inLanguage\":\"pt-BR\"},{\"@type\":\"WebPage\",\"@id\":\"https:\\\/\\\/fempi.com.br\\\/index.php\\\/2024\\\/01\\\/10\\\/parceria-ifsp-campus-itaquaquecetuba-e-fempi-acao-para-ajudar-as-vitimas-da-calamidade-ocasionada-pelas-chuvas-no-litoral-norte\\\/\",\"url\":\"https:\\\/\\\/fempi.com.br\\\/index.php\\\/2024\\\/01\\\/10\\\/parceria-ifsp-campus-itaquaquecetuba-e-fempi-acao-para-ajudar-as-vitimas-da-calamidade-ocasionada-pelas-chuvas-no-litoral-norte\\\/\",\"name\":\"Parceria IFSP C\u00e2mpus Itaquaquecetuba e FEMPI - A\u00e7\u00e3o para ajudar as v\u00edtimas da calamidade ocasionada pelas chuvas no litoral norte - Fempi\",\"isPartOf\":{\"@id\":\"https:\\\/\\\/fempi.com.br\\\/#website\"},\"primaryImageOfPage\":{\"@id\":\"https:\\\/\\\/fempi.com.br\\\/index.php\\\/2024\\\/01\\\/10\\\/parceria-ifsp-campus-itaquaquecetuba-e-fempi-acao-para-ajudar-as-vitimas-da-calamidade-ocasionada-pelas-chuvas-no-litoral-norte\\\/#primaryimage\"},\"image\":{\"@id\":\"https:\\\/\\\/fempi.com.br\\\/index.php\\\/2024\\\/01\\\/10\\\/parceria-ifsp-campus-itaquaquecetuba-e-fempi-acao-para-ajudar-as-vitimas-da-calamidade-ocasionada-pelas-chuvas-no-litoral-norte\\\/#primaryimage\"},\"thumbnailUrl\":\"https:\\\/\\\/fempi.com.br\\\/wp-content\\\/uploads\\\/2024\\\/01\\\/Ifsp_Fempi.jpg\",\"datePublished\":\"2024-01-10T16:12:44+00:00\",\"dateModified\":\"2024-01-11T15:07:01+00:00\",\"breadcrumb\":{\"@id\":\"https:\\\/\\\/fempi.com.br\\\/index.php\\\/2024\\\/01\\\/10\\\/parceria-ifsp-campus-itaquaquecetuba-e-fempi-acao-para-ajudar-as-vitimas-da-calamidade-ocasionada-pelas-chuvas-no-litoral-norte\\\/#breadcrumb\"},\"inLanguage\":\"pt-BR\",\"potentialAction\":[{\"@type\":\"ReadAction\",\"target\":[\"https:\\\/\\\/fempi.com.br\\\/index.php\\\/2024\\\/01\\\/10\\\/parceria-ifsp-campus-itaquaquecetuba-e-fempi-acao-para-ajudar-as-vitimas-da-calamidade-ocasionada-pelas-chuvas-no-litoral-norte\\\/\"]}]},{\"@type\":\"ImageObject\",\"inLanguage\":\"pt-BR\",\"@id\":\"https:\\\/\\\/fempi.com.br\\\/index.php\\\/2024\\\/01\\\/10\\\/parceria-ifsp-campus-itaquaquecetuba-e-fempi-acao-para-ajudar-as-vitimas-da-calamidade-ocasionada-pelas-chuvas-no-litoral-norte\\\/#primaryimage\",\"url\":\"https:\\\/\\\/fempi.com.br\\\/wp-content\\\/uploads\\\/2024\\\/01\\\/Ifsp_Fempi.jpg\",\"contentUrl\":\"https:\\\/\\\/fempi.com.br\\\/wp-content\\\/uploads\\\/2024\\\/01\\\/Ifsp_Fempi.jpg\",\"width\":1024,\"height\":768},{\"@type\":\"BreadcrumbList\",\"@id\":\"https:\\\/\\\/fempi.com.br\\\/index.php\\\/2024\\\/01\\\/10\\\/parceria-ifsp-campus-itaquaquecetuba-e-fempi-acao-para-ajudar-as-vitimas-da-calamidade-ocasionada-pelas-chuvas-no-litoral-norte\\\/#breadcrumb\",\"itemListElement\":[{\"@type\":\"ListItem\",\"position\":1,\"name\":\"In\u00edcio\",\"item\":\"https:\\\/\\\/fempi.com.br\\\/\"},{\"@type\":\"ListItem\",\"position\":2,\"name\":\"Parceria IFSP C\u00e2mpus Itaquaquecetuba e FEMPI &#8211; A\u00e7\u00e3o para ajudar as v\u00edtimas da calamidade ocasionada pelas chuvas no litoral norte\"}]},{\"@type\":\"WebSite\",\"@id\":\"https:\\\/\\\/fempi.com.br\\\/#website\",\"url\":\"https:\\\/\\\/fempi.com.br\\\/\",\"name\":\"Fempi\",\"description\":\"Frente Empresarial Pr\u00f3 Itaquaquecetuba\",\"publisher\":{\"@id\":\"https:\\\/\\\/fempi.com.br\\\/#organization\"},\"potentialAction\":[{\"@type\":\"SearchAction\",\"target\":{\"@type\":\"EntryPoint\",\"urlTemplate\":\"https:\\\/\\\/fempi.com.br\\\/?s={search_term_string}\"},\"query-input\":{\"@type\":\"PropertyValueSpecification\",\"valueRequired\":true,\"valueName\":\"search_term_string\"}}],\"inLanguage\":\"pt-BR\"},{\"@type\":\"Organization\",\"@id\":\"https:\\\/\\\/fempi.com.br\\\/#organization\",\"name\":\"Frente Empresarial Pro Industria\",\"url\":\"https:\\\/\\\/fempi.com.br\\\/\",\"logo\":{\"@type\":\"ImageObject\",\"inLanguage\":\"pt-BR\",\"@id\":\"https:\\\/\\\/fempi.com.br\\\/#\\\/schema\\\/logo\\\/image\\\/\",\"url\":\"https:\\\/\\\/fempi.com.br\\\/wp-content\\\/uploads\\\/2022\\\/10\\\/cropped-FEMPI2.png\",\"contentUrl\":\"https:\\\/\\\/fempi.com.br\\\/wp-content\\\/uploads\\\/2022\\\/10\\\/cropped-FEMPI2.png\",\"width\":224,\"height\":122,\"caption\":\"Frente Empresarial Pro Industria\"},\"image\":{\"@id\":\"https:\\\/\\\/fempi.com.br\\\/#\\\/schema\\\/logo\\\/image\\\/\"},\"sameAs\":[\"https:\\\/\\\/www.facebook.com\\\/FempiOficial\"]},{\"@type\":\"Person\",\"@id\":\"https:\\\/\\\/fempi.com.br\\\/#\\\/schema\\\/person\\\/4f40f630431d82adf27976f33f7fa4f9\",\"name\":\"admin\",\"image\":{\"@type\":\"ImageObject\",\"inLanguage\":\"pt-BR\",\"@id\":\"https:\\\/\\\/secure.gravatar.com\\\/avatar\\\/a6c41bd43cd793751adf765d893e00ebf8923298f3d836d01f6e1dfdad39d7bb?s=96&d=mm&r=g\",\"url\":\"https:\\\/\\\/secure.gravatar.com\\\/avatar\\\/a6c41bd43cd793751adf765d893e00ebf8923298f3d836d01f6e1dfdad39d7bb?s=96&d=mm&r=g\",\"contentUrl\":\"https:\\\/\\\/secure.gravatar.com\\\/avatar\\\/a6c41bd43cd793751adf765d893e00ebf8923298f3d836d01f6e1dfdad39d7bb?s=96&d=mm&r=g\",\"caption\":\"admin\"},\"sameAs\":[\"https:\\\/\\\/fempi.com.br\\\/\"],\"url\":\"https:\\\/\\\/fempi.com.br\\\/index.php\\\/author\\\/admin_fempi\\\/\"}]}<\/script>\n<!-- \/ Yoast SEO plugin. -->","yoast_head_json":{"title":"Parceria IFSP C\u00e2mpus Itaquaquecetuba e FEMPI - A\u00e7\u00e3o para ajudar as v\u00edtimas da calamidade ocasionada pelas chuvas no litoral norte - Fempi","robots":{"index":"index","follow":"follow","max-snippet":"max-snippet:-1","max-image-preview":"max-image-preview:large","max-video-preview":"max-video-preview:-1"},"canonical":"https:\/\/fempi.com.br\/index.php\/2024\/01\/10\/parceria-ifsp-campus-itaquaquecetuba-e-fempi-acao-para-ajudar-as-vitimas-da-calamidade-ocasionada-pelas-chuvas-no-litoral-norte\/","og_locale":"pt_BR","og_type":"article","og_title":"Parceria IFSP C\u00e2mpus Itaquaquecetuba e FEMPI - A\u00e7\u00e3o para ajudar as v\u00edtimas da calamidade ocasionada pelas chuvas no litoral norte - Fempi","og_description":"&#8220;Em parceria com o Instituto Federal de S\u00e3o Paulo \u2013 Campus Itaquaquecetuba, a FEMPI \u2013 Frente Empresarial Pr\u00f3 Industria de Itaquaquecetuba e [&hellip;]","og_url":"https:\/\/fempi.com.br\/index.php\/2024\/01\/10\/parceria-ifsp-campus-itaquaquecetuba-e-fempi-acao-para-ajudar-as-vitimas-da-calamidade-ocasionada-pelas-chuvas-no-litoral-norte\/","og_site_name":"Fempi","article_publisher":"https:\/\/www.facebook.com\/FempiOficial","article_published_time":"2024-01-10T16:12:44+00:00","article_modified_time":"2024-01-11T15:07:01+00:00","og_image":[{"width":1024,"height":768,"url":"https:\/\/fempi.com.br\/wp-content\/uploads\/2024\/01\/Ifsp_Fempi.jpg","type":"image\/jpeg"}],"author":"admin","twitter_card":"summary_large_image","twitter_misc":{"Escrito por":"admin","Est. tempo de leitura":"1 minuto"},"schema":{"@context":"https:\/\/schema.org","@graph":[{"@type":"Article","@id":"https:\/\/fempi.com.br\/index.php\/2024\/01\/10\/parceria-ifsp-campus-itaquaquecetuba-e-fempi-acao-para-ajudar-as-vitimas-da-calamidade-ocasionada-pelas-chuvas-no-litoral-norte\/#article","isPartOf":{"@id":"https:\/\/fempi.com.br\/index.php\/2024\/01\/10\/parceria-ifsp-campus-itaquaquecetuba-e-fempi-acao-para-ajudar-as-vitimas-da-calamidade-ocasionada-pelas-chuvas-no-litoral-norte\/"},"author":{"name":"admin","@id":"https:\/\/fempi.com.br\/#\/schema\/person\/4f40f630431d82adf27976f33f7fa4f9"},"headline":"Parceria IFSP C\u00e2mpus Itaquaquecetuba e FEMPI &#8211; A\u00e7\u00e3o para ajudar as v\u00edtimas da calamidade ocasionada pelas chuvas no litoral norte","datePublished":"2024-01-10T16:12:44+00:00","dateModified":"2024-01-11T15:07:01+00:00","mainEntityOfPage":{"@id":"https:\/\/fempi.com.br\/index.php\/2024\/01\/10\/parceria-ifsp-campus-itaquaquecetuba-e-fempi-acao-para-ajudar-as-vitimas-da-calamidade-ocasionada-pelas-chuvas-no-litoral-norte\/"},"wordCount":108,"publisher":{"@id":"https:\/\/fempi.com.br\/#organization"},"image":{"@id":"https:\/\/fempi.com.br\/index.php\/2024\/01\/10\/parceria-ifsp-campus-itaquaquecetuba-e-fempi-acao-para-ajudar-as-vitimas-da-calamidade-ocasionada-pelas-chuvas-no-litoral-norte\/#primaryimage"},"thumbnailUrl":"https:\/\/fempi.com.br\/wp-content\/uploads\/2024\/01\/Ifsp_Fempi.jpg","keywords":["#chuvaslitoralnorte","#fempi","#ifsp","#itaqua","#itaquaquecetuba","#litoralnorte"],"articleSection":["Not\u00edcias"],"inLanguage":"pt-BR"},{"@type":"WebPage","@id":"https:\/\/fempi.com.br\/index.php\/2024\/01\/10\/parceria-ifsp-campus-itaquaquecetuba-e-fempi-acao-para-ajudar-as-vitimas-da-calamidade-ocasionada-pelas-chuvas-no-litoral-norte\/","url":"https:\/\/fempi.com.br\/index.php\/2024\/01\/10\/parceria-ifsp-campus-itaquaquecetuba-e-fempi-acao-para-ajudar-as-vitimas-da-calamidade-ocasionada-pelas-chuvas-no-litoral-norte\/","name":"Parceria IFSP C\u00e2mpus Itaquaquecetuba e FEMPI - A\u00e7\u00e3o para ajudar as v\u00edtimas da calamidade ocasionada pelas chuvas no litoral norte - Fempi","isPartOf":{"@id":"https:\/\/fempi.com.br\/#website"},"primaryImageOfPage":{"@id":"https:\/\/fempi.com.br\/index.php\/2024\/01\/10\/parceria-ifsp-campus-itaquaquecetuba-e-fempi-acao-para-ajudar-as-vitimas-da-calamidade-ocasionada-pelas-chuvas-no-litoral-norte\/#primaryimage"},"image":{"@id":"https:\/\/fempi.com.br\/index.php\/2024\/01\/10\/parceria-ifsp-campus-itaquaquecetuba-e-fempi-acao-para-ajudar-as-vitimas-da-calamidade-ocasionada-pelas-chuvas-no-litoral-norte\/#primaryimage"},"thumbnailUrl":"https:\/\/fempi.com.br\/wp-content\/uploads\/2024\/01\/Ifsp_Fempi.jpg","datePublished":"2024-01-10T16:12:44+00:00","dateModified":"2024-01-11T15:07:01+00:00","breadcrumb":{"@id":"https:\/\/fempi.com.br\/index.php\/2024\/01\/10\/parceria-ifsp-campus-itaquaquecetuba-e-fempi-acao-para-ajudar-as-vitimas-da-calamidade-ocasionada-pelas-chuvas-no-litoral-norte\/#breadcrumb"},"inLanguage":"pt-BR","potentialAction":[{"@type":"ReadAction","target":["https:\/\/fempi.com.br\/index.php\/2024\/01\/10\/parceria-ifsp-campus-itaquaquecetuba-e-fempi-acao-para-ajudar-as-vitimas-da-calamidade-ocasionada-pelas-chuvas-no-litoral-norte\/"]}]},{"@type":"ImageObject","inLanguage":"pt-BR","@id":"https:\/\/fempi.com.br\/index.php\/2024\/01\/10\/parceria-ifsp-campus-itaquaquecetuba-e-fempi-acao-para-ajudar-as-vitimas-da-calamidade-ocasionada-pelas-chuvas-no-litoral-norte\/#primaryimage","url":"https:\/\/fempi.com.br\/wp-content\/uploads\/2024\/01\/Ifsp_Fempi.jpg","contentUrl":"https:\/\/fempi.com.br\/wp-content\/uploads\/2024\/01\/Ifsp_Fempi.jpg","width":1024,"height":768},{"@type":"BreadcrumbList","@id":"https:\/\/fempi.com.br\/index.php\/2024\/01\/10\/parceria-ifsp-campus-itaquaquecetuba-e-fempi-acao-para-ajudar-as-vitimas-da-calamidade-ocasionada-pelas-chuvas-no-litoral-norte\/#breadcrumb","itemListElement":[{"@type":"ListItem","position":1,"name":"In\u00edcio","item":"https:\/\/fempi.com.br\/"},{"@type":"ListItem","position":2,"name":"Parceria IFSP C\u00e2mpus Itaquaquecetuba e FEMPI &#8211; A\u00e7\u00e3o para ajudar as v\u00edtimas da calamidade ocasionada pelas chuvas no litoral norte"}]},{"@type":"WebSite","@id":"https:\/\/fempi.com.br\/#website","url":"https:\/\/fempi.com.br\/","name":"Fempi","description":"Frente Empresarial Pr\u00f3 Itaquaquecetuba","publisher":{"@id":"https:\/\/fempi.com.br\/#organization"},"potentialAction":[{"@type":"SearchAction","target":{"@type":"EntryPoint","urlTemplate":"https:\/\/fempi.com.br\/?s={search_term_string}"},"query-input":{"@type":"PropertyValueSpecification","valueRequired":true,"valueName":"search_term_string"}}],"inLanguage":"pt-BR"},{"@type":"Organization","@id":"https:\/\/fempi.com.br\/#organization","name":"Frente Empresarial Pro Industria","url":"https:\/\/fempi.com.br\/","logo":{"@type":"ImageObject","inLanguage":"pt-BR","@id":"https:\/\/fempi.com.br\/#\/schema\/logo\/image\/","url":"https:\/\/fempi.com.br\/wp-content\/uploads\/2022\/10\/cropped-FEMPI2.png","contentUrl":"https:\/\/fempi.com.br\/wp-content\/uploads\/2022\/10\/cropped-FEMPI2.png","width":224,"height":122,"caption":"Frente Empresarial Pro Industria"},"image":{"@id":"https:\/\/fempi.com.br\/#\/schema\/logo\/image\/"},"sameAs":["https:\/\/www.facebook.com\/FempiOficial"]},{"@type":"Person","@id":"https:\/\/fempi.com.br\/#\/schema\/person\/4f40f630431d82adf27976f33f7fa4f9","name":"admin","image":{"@type":"ImageObject","inLanguage":"pt-BR","@id":"https:\/\/secure.gravatar.com\/avatar\/a6c41bd43cd793751adf765d893e00ebf8923298f3d836d01f6e1dfdad39d7bb?s=96&d=mm&r=g","url":"https:\/\/secure.gravatar.com\/avatar\/a6c41bd43cd793751adf765d893e00ebf8923298f3d836d01f6e1dfdad39d7bb?s=96&d=mm&r=g","contentUrl":"https:\/\/secure.gravatar.com\/avatar\/a6c41bd43cd793751adf765d893e00ebf8923298f3d836d01f6e1dfdad39d7bb?s=96&d=mm&r=g","caption":"admin"},"sameAs":["https:\/\/fempi.com.br\/"],"url":"https:\/\/fempi.com.br\/index.php\/author\/admin_fempi\/"}]}},"_links":{"self":[{"href":"https:\/\/fempi.com.br\/index.php\/wp-json\/wp\/v2\/posts\/1720","targetHints":{"allow":["GET"]}}],"collection":[{"href":"https:\/\/fempi.com.br\/index.php\/wp-json\/wp\/v2\/posts"}],"about":[{"href":"https:\/\/fempi.com.br\/index.php\/wp-json\/wp\/v2\/types\/post"}],"author":[{"embeddable":true,"href":"https:\/\/fempi.com.br\/index.php\/wp-json\/wp\/v2\/users\/1"}],"replies":[{"embeddable":true,"href":"https:\/\/fempi.com.br\/index.php\/wp-json\/wp\/v2\/comments?post=1720"}],"version-history":[{"count":2,"href":"https:\/\/fempi.com.br\/index.php\/wp-json\/wp\/v2\/posts\/1720\/revisions"}],"predecessor-version":[{"id":1774,"href":"https:\/\/fempi.com.br\/index.php\/wp-json\/wp\/v2\/posts\/1720\/revisions\/1774"}],"wp:featuredmedia":[{"embeddable":true,"href":"https:\/\/fempi.com.br\/index.php\/wp-json\/wp\/v2\/media\/1722"}],"wp:attachment":[{"href":"https:\/\/fempi.com.br\/index.php\/wp-json\/wp\/v2\/media?parent=1720"}],"wp:term":[{"taxonomy":"category","embeddable":true,"href":"https:\/\/fempi.com.br\/index.php\/wp-json\/wp\/v2\/categories?post=1720"},{"taxonomy":"post_tag","embeddable":true,"href":"https:\/\/fempi.com.br\/index.php\/wp-json\/wp\/v2\/tags?post=1720"}],"curies":[{"name":"wp","href":"https:\/\/api.w.org\/{rel}","templated":true}]}}